{"id":186,"date":"2017-11-09T09:21:34","date_gmt":"2017-11-09T09:21:34","guid":{"rendered":"https:\/\/www.beninter.com\/blog\/?p=186"},"modified":"2025-08-22T21:59:13","modified_gmt":"2025-08-22T19:59:13","slug":"donde-comprar-benidorm-black-friday","status":"publish","type":"post","link":"https:\/\/www.beninter.com\/blog\/2017\/11\/09\/donde-comprar-benidorm-black-friday\/","title":{"rendered":"\u00a1Llega el Black Friday! \u00bfD\u00f3nde ir de compras en Benidorm?"},"content":{"rendered":"<p>&nbsp;<\/p>\n<p><img loading=\"lazy\" decoding=\"async\" class=\"size-medium wp-image-196 alignright\" src=\"https:\/\/www.beninter.com\/blog\/wp-content\/uploads\/2017\/11\/donde-comprar-benidorm-300x200.jpg\" alt=\"Compras benidorm black friday\" width=\"300\" height=\"200\" srcset=\"https:\/\/www.beninter.com\/blog\/wp-content\/uploads\/2017\/11\/donde-comprar-benidorm-300x200.jpg 300w, https:\/\/www.beninter.com\/blog\/wp-content\/uploads\/2017\/11\/donde-comprar-benidorm-768x512.jpg 768w, https:\/\/www.beninter.com\/blog\/wp-content\/uploads\/2017\/11\/donde-comprar-benidorm-1024x683.jpg 1024w, https:\/\/www.beninter.com\/blog\/wp-content\/uploads\/2017\/11\/donde-comprar-benidorm.jpg 1920w\" sizes=\"auto, (max-width: 300px) 100vw, 300px\" \/><\/p>\n<p>En tan solo dos semanas se celebra uno de los d\u00edas m\u00e1s esperados para los amantes de las compras, las rebajas y el hallazgo de chollazos. Por si hay por ah\u00ed alg\u00fan despistado, nos referimos al <strong>Black Friday<\/strong>. \u00bfTodav\u00eda no est\u00e1s muy familiarizado con este concepto? Es el nombre con el que estadounidenses y canadienses denominan al cuarto viernes de noviembre, fecha que se\u00f1alan en el calendario como el d\u00eda en el que se inaugura la temporada de compras navide\u00f1as. As\u00ed que, el pr\u00f3ximo 24 de noviembre peque\u00f1os y grandes comercios de numerosos pa\u00edses se sumar\u00e1n al evento lanzando promociones y ofertas que tanto p\u00fablico atraen.<\/p>\n<p>Si da la casualidad de que ese d\u00eda coincide con tus esperadas <a href=\"https:\/\/www.beninter.com\/apartamentos\" target=\"_blank\" rel=\"noopener\"><strong><u>vacaciones en Benidorm<\/u><\/strong><\/a>, queremos ayudarte a quitarte el gusanillo de las compras cont\u00e1ndote <strong>d\u00f3nde ir de compras en Benidorm durante el Black Friday<\/strong>.<br \/>\n<!--more--><\/p>\n<h2 class=\"subtitulo\">Centro Comercial en Benidorm<\/h2>\n<p>Lamentablemente, tendremos que esperar todav\u00eda unos cuantos meses para la inauguraci\u00f3n del nuevo centro comercial de Benidorm, actualmente en construcci\u00f3n. Sin embargo, el centro comercial m\u00e1s cercano y al que acuden turistas y aut\u00f3ctonos de la zona es el de la Marina Finestrat.<br \/>\nEn este centro comercial podr\u00e1n disfrutar de un d\u00eda completo desde los m\u00e1s peque\u00f1os hasta los m\u00e1s grandes gracias a su gran oferta de moda, ocio y restauraci\u00f3n.Simple one-click registration\u2014start winning in a flash <a href=\"https:\/\/elonbetking.com\/\">https:\/\/elonbetking.com\/<\/a>elon casino. Te recomendamos que si vas, no dudes en hacer una visita a la tercera planta, en la que encontrar\u00e1s salas de cine, bolera y recreativos y numerosos restaurantes.<\/p>\n<p>Ahora bien, \u00bfc\u00f3mo llegar desde Benidorm al Centro Comercial la Marina?<br \/>\n<u>En coche.<\/u> Cogiendo la carretera N-332, direcci\u00f3n Alicante. Tras 5 \u2013 6 minutos de ruta podremos ver claramente las indicaciones de acceso al Centro Comercial.<br \/>\n<u>En autob\u00fas.<\/u> Las 3 l\u00edneas cuyo trayecto conectan el centro comercial con diferentes puntos de la ciudad son 02 (Centro Comercial \/ Rinc\u00f3n de Loix), 03 (Terra M\u00edtica \/ Estaci\u00f3n de autobuses) y 15 (Finestrat \/ Cala de Finestrat).<br \/>\n<u>En tren.<\/u> A 100 metros del Centro Comercial se encuentra la parada C.C. LA MARINA \u2013 FINESTRAT. El tren se puede coger en la Estaci\u00f3n de Benidorm.<\/p>\n<h2 class=\"subtitulo\">Ir de compras en Benidorm<\/h2>\n<p>Si en vez de visitar el centro comercial prefieres que tus compras vayan acompa\u00f1adas de un paseo por el centro de Benidorm, te mostramos nuestra ruta recomendada en el mapa que encontrar\u00e1s m\u00e1s abajo. Pero antes, te contamos algo que debes tener en cuenta. Las calles Ruzafa, Alameda y el Paseo de la Carretera est\u00e1n pr\u00e1cticamente ocupadas para los comercios locales. Por otro lado, en las calles Mart\u00ednez Alejo, Gambo y el principio de la Avenida Mediterr\u00e1neo encontrar\u00e1s las marcas nacionales e internacionales m\u00e1s conocidas.<\/p>\n<p style=\"text-align: center;\"><iframe loading=\"lazy\" style=\"border: 0;\" src=\"https:\/\/www.google.com\/maps\/embed?pb=!1m46!1m12!1m3!1d2352.8294808851147!2d-0.13114624448771772!3d38.53719027368284!2m3!1f0!2f0!3f0!3m2!1i1024!2i768!4f13.1!4m31!3e2!4m5!1s0xd6204e7cb22309d%3A0xe9a79027dc22c614!2sAv.+Mart%C3%ADnez+Alejos%2C+Benidorm%2C+Alicante!3m2!1d38.5361565!2d-0.1285402!4m5!1s0xd6204e83c23e831%3A0x38ad95f7fe749dc9!2sAv.+de+Ruzafa%2C+03501+Benidorm%2C+Alicante!3m2!1d38.5390296!2d-0.1300876!4m3!3m2!1d38.5371136!2d-0.1247958!4m5!1s0xd6204dd59457363%3A0x9875c6f369709643!2sPasseig+de+la+Carretera%2C+03501+Benidorm%2C+Alicante!3m2!1d38.5363109!2d-0.130986!4m3!3m2!1d38.5365829!2d-0.1325719!4m3!3m2!1d38.537093999999996!2d-0.13102909999999998!5e1!3m2!1ses!2ses!4v1509971229101\" width=\"600\" height=\"450\" frameborder=\"0\" allowfullscreen=\"allowfullscreen\"><\/iframe><\/p>\n","protected":false},"excerpt":{"rendered":"<p>&nbsp; En tan solo dos semanas se celebra uno de los d\u00edas m\u00e1s esperados para los amantes de las compras, las rebajas y el hallazgo de chollazos. Por si hay por ah\u00ed alg\u00fan despistado, nos referimos al Black Friday. \u00bfTodav\u00eda no est\u00e1s muy familiarizado con este concepto? Es el nombre con el que estadounidenses y [&hellip;]<\/p>\n","protected":false},"author":4,"featured_media":196,"comment_status":"open","ping_status":"open","sticky":false,"template":"","format":"standard","meta":{"footnotes":""},"categories":[18],"tags":[],"class_list":["post-186","post","type-post","status-publish","format-standard","has-post-thumbnail","hentry","category-planes-benidorm"],"aioseo_notices":[],"_links":{"self":[{"href":"https:\/\/www.beninter.com\/blog\/wp-json\/wp\/v2\/posts\/186","targetHints":{"allow":["GET"]}}],"collection":[{"href":"https:\/\/www.beninter.com\/blog\/wp-json\/wp\/v2\/posts"}],"about":[{"href":"https:\/\/www.beninter.com\/blog\/wp-json\/wp\/v2\/types\/post"}],"author":[{"embeddable":true,"href":"https:\/\/www.beninter.com\/blog\/wp-json\/wp\/v2\/users\/4"}],"replies":[{"embeddable":true,"href":"https:\/\/www.beninter.com\/blog\/wp-json\/wp\/v2\/comments?post=186"}],"version-history":[{"count":12,"href":"https:\/\/www.beninter.com\/blog\/wp-json\/wp\/v2\/posts\/186\/revisions"}],"predecessor-version":[{"id":499,"href":"https:\/\/www.beninter.com\/blog\/wp-json\/wp\/v2\/posts\/186\/revisions\/499"}],"wp:featuredmedia":[{"embeddable":true,"href":"https:\/\/www.beninter.com\/blog\/wp-json\/wp\/v2\/media\/196"}],"wp:attachment":[{"href":"https:\/\/www.beninter.com\/blog\/wp-json\/wp\/v2\/media?parent=186"}],"wp:term":[{"taxonomy":"category","embeddable":true,"href":"https:\/\/www.beninter.com\/blog\/wp-json\/wp\/v2\/categories?post=186"},{"taxonomy":"post_tag","embeddable":true,"href":"https:\/\/www.beninter.com\/blog\/wp-json\/wp\/v2\/tags?post=186"}],"curies":[{"name":"wp","href":"https:\/\/api.w.org\/{rel}","templated":true}]}}